{"id":3543,"date":"2019-11-12T18:46:03","date_gmt":"2019-11-12T17:46:03","guid":{"rendered":"https:\/\/www.tourdebier.cz\/francek\/?p=3543"},"modified":"2021-02-05T19:59:33","modified_gmt":"2021-02-05T18:59:33","slug":"chlazena-vana-spilecna-nadoba-pripravnik-ledove-vody","status":"publish","type":"post","link":"https:\/\/www.tourdebier.cz\/francek\/chlazena-vana-spilecna-nadoba-pripravnik-ledove-vody\/","title":{"rendered":"Chlazen\u00e1 vana &#8211; sp\u00edle\u010dn\u00e1 n\u00e1doba &#038; p\u0159\u00edpravn\u00edk ledov\u00e9 vody"},"content":{"rendered":"\n<p>Chlazenou vanu na n\u00e1poje do hospod a bar\u016f jsem se pokusil pou\u017e\u00edt na sp\u00edle\u010dnou le\u017e\u00e1kovou n\u00e1dobu. Z\u00e1kladn\u00ed charakteristiky t\u00e9to n\u00e1doby jsou tyto: nerezov\u00e9 proveden\u00ed izolovan\u00e9 vany expanzn\u00ed p\u011bnou o tlou\u0161\u0165ce 5 cm, o rozm\u011brech 56x35x28cm, co\u017e je cca 55l, chlad\u00edc\u00ed p\u0159\u00edkon 250W, \u0159\u00edzen\u00ed digit\u00e1ln\u00ed regulac\u00ed Danfoss s \u010didlem sn\u00edmaj\u00edc\u00edm  prostorovou teplotu. Toto proveden\u00ed je ur\u010deno k zabudov\u00e1n\u00ed do stolu.<\/p>\n\n\n\n<div class=\"wp-block-image\"><figure class=\"aligncenter\"><img loading=\"lazy\" decoding=\"async\" width=\"418\" height=\"542\" src=\"https:\/\/www.tourdebier.cz\/francek\/wp-content\/uploads\/2019\/11\/20190907_143101.jpg\" alt=\"\" class=\"wp-image-3568\" srcset=\"https:\/\/www.tourdebier.cz\/francek\/wp-content\/uploads\/2019\/11\/20190907_143101.jpg 418w, https:\/\/www.tourdebier.cz\/francek\/wp-content\/uploads\/2019\/11\/20190907_143101-231x300.jpg 231w, https:\/\/www.tourdebier.cz\/francek\/wp-content\/uploads\/2019\/11\/20190907_143101-250x324.jpg 250w\" sizes=\"auto, (max-width: 418px) 100vw, 418px\" \/><figcaption><strong>pohled z boku<\/strong><\/figcaption><\/figure><\/div>\n\n\n\n<div class=\"wp-block-image\"><figure class=\"aligncenter\"><img loading=\"lazy\" decoding=\"async\" width=\"600\" height=\"397\" src=\"https:\/\/www.tourdebier.cz\/francek\/wp-content\/uploads\/2019\/11\/20190907_123108-600x397.jpg\" alt=\"\" class=\"wp-image-3569\" srcset=\"https:\/\/www.tourdebier.cz\/francek\/wp-content\/uploads\/2019\/11\/20190907_123108.jpg 600w, https:\/\/www.tourdebier.cz\/francek\/wp-content\/uploads\/2019\/11\/20190907_123108-300x199.jpg 300w, https:\/\/www.tourdebier.cz\/francek\/wp-content\/uploads\/2019\/11\/20190907_123108-250x165.jpg 250w\" sizes=\"auto, (max-width: 600px) 100vw, 600px\" \/><figcaption><strong>elektrick\u00e9 schema<\/strong><\/figcaption><\/figure><\/div>\n\n\n\n<div class=\"wp-block-image\"><figure class=\"aligncenter\"><img loading=\"lazy\" decoding=\"async\" width=\"451\" height=\"600\" src=\"https:\/\/www.tourdebier.cz\/francek\/wp-content\/uploads\/2019\/11\/1--451x600.jpg\" alt=\"\" class=\"wp-image-3561\" srcset=\"https:\/\/www.tourdebier.cz\/francek\/wp-content\/uploads\/2019\/11\/1--451x600.jpg 451w, https:\/\/www.tourdebier.cz\/francek\/wp-content\/uploads\/2019\/11\/1--225x300.jpg 225w, https:\/\/www.tourdebier.cz\/francek\/wp-content\/uploads\/2019\/11\/1--250x333.jpg 250w, https:\/\/www.tourdebier.cz\/francek\/wp-content\/uploads\/2019\/11\/1-.jpg 600w\" sizes=\"auto, (max-width: 451px) 100vw, 451px\" \/><figcaption><strong>v\u00fdpust<\/strong><br><br> <\/figcaption><\/figure><\/div>\n\n\n\n<div class=\"wp-block-image\"><figure class=\"aligncenter\"><img loading=\"lazy\" decoding=\"async\" width=\"407\" height=\"542\" src=\"https:\/\/www.tourdebier.cz\/francek\/wp-content\/uploads\/2019\/11\/20190907_143132.jpg\" alt=\"\" class=\"wp-image-3567\" srcset=\"https:\/\/www.tourdebier.cz\/francek\/wp-content\/uploads\/2019\/11\/20190907_143132.jpg 407w, https:\/\/www.tourdebier.cz\/francek\/wp-content\/uploads\/2019\/11\/20190907_143132-225x300.jpg 225w, https:\/\/www.tourdebier.cz\/francek\/wp-content\/uploads\/2019\/11\/20190907_143132-250x333.jpg 250w\" sizes=\"auto, (max-width: 407px) 100vw, 407px\" \/><figcaption><strong>prvn\u00ed test ledov\u00e9 vody<\/strong><\/figcaption><\/figure><\/div>\n\n\n\n<div class=\"wp-block-image\"><figure class=\"aligncenter\"><img loading=\"lazy\" decoding=\"async\" width=\"358\" height=\"542\" src=\"https:\/\/www.tourdebier.cz\/francek\/wp-content\/uploads\/2019\/11\/20191003_145119.jpg\" alt=\"\" class=\"wp-image-3571\" srcset=\"https:\/\/www.tourdebier.cz\/francek\/wp-content\/uploads\/2019\/11\/20191003_145119.jpg 358w, https:\/\/www.tourdebier.cz\/francek\/wp-content\/uploads\/2019\/11\/20191003_145119-198x300.jpg 198w, https:\/\/www.tourdebier.cz\/francek\/wp-content\/uploads\/2019\/11\/20191003_145119-250x378.jpg 250w\" sizes=\"auto, (max-width: 358px) 100vw, 358px\" \/><figcaption>ob\u011bhov\u00e9 \u010derpad\u00e9lko ledov\u00e9 vody na 12V se zdrojem<\/figcaption><\/figure><\/div>\n\n\n\n<div class=\"wp-block-image\"><figure class=\"aligncenter\"><img loading=\"lazy\" decoding=\"async\" width=\"428\" height=\"542\" src=\"https:\/\/www.tourdebier.cz\/francek\/wp-content\/uploads\/2019\/11\/20191003_145034.jpg\" alt=\"\" class=\"wp-image-3570\" srcset=\"https:\/\/www.tourdebier.cz\/francek\/wp-content\/uploads\/2019\/11\/20191003_145034.jpg 428w, https:\/\/www.tourdebier.cz\/francek\/wp-content\/uploads\/2019\/11\/20191003_145034-237x300.jpg 237w, https:\/\/www.tourdebier.cz\/francek\/wp-content\/uploads\/2019\/11\/20191003_145034-250x317.jpg 250w\" sizes=\"auto, (max-width: 428px) 100vw, 428px\" \/><figcaption><strong>chlazen\u00ed le\u017e\u00e1ku ledovou vodou<\/strong><\/figcaption><\/figure><\/div>\n\n\n\n<div class=\"wp-block-image\"><figure class=\"aligncenter\"><img loading=\"lazy\" decoding=\"async\" width=\"501\" height=\"600\" src=\"https:\/\/www.tourdebier.cz\/francek\/wp-content\/uploads\/2019\/11\/20171125_141407-01-501x600.jpeg\" alt=\"\" class=\"wp-image-3565\" srcset=\"https:\/\/www.tourdebier.cz\/francek\/wp-content\/uploads\/2019\/11\/20171125_141407-01-501x600.jpeg 501w, https:\/\/www.tourdebier.cz\/francek\/wp-content\/uploads\/2019\/11\/20171125_141407-01-250x300.jpeg 250w, https:\/\/www.tourdebier.cz\/francek\/wp-content\/uploads\/2019\/11\/20171125_141407-01.jpeg 600w\" sizes=\"auto, (max-width: 501px) 100vw, 501px\" \/><figcaption><strong>dochlazovac\u00ed smy\u010dka<\/strong><\/figcaption><\/figure><\/div>\n\n\n\n<div class=\"wp-block-image\"><figure class=\"aligncenter\"><img loading=\"lazy\" decoding=\"async\" width=\"407\" height=\"542\" src=\"https:\/\/www.tourdebier.cz\/francek\/wp-content\/uploads\/2019\/11\/20191003_145021.jpg\" alt=\"\" class=\"wp-image-3566\" srcset=\"https:\/\/www.tourdebier.cz\/francek\/wp-content\/uploads\/2019\/11\/20191003_145021.jpg 407w, https:\/\/www.tourdebier.cz\/francek\/wp-content\/uploads\/2019\/11\/20191003_145021-225x300.jpg 225w, https:\/\/www.tourdebier.cz\/francek\/wp-content\/uploads\/2019\/11\/20191003_145021-250x333.jpg 250w\" sizes=\"auto, (max-width: 407px) 100vw, 407px\" \/><figcaption><strong>dochlazov\u00e1n\u00ed mladiny<\/strong><\/figcaption><\/figure><\/div>\n\n\n\n<div class=\"wp-block-image\"><figure class=\"aligncenter\"><img loading=\"lazy\" decoding=\"async\" width=\"407\" height=\"542\" src=\"https:\/\/www.tourdebier.cz\/francek\/wp-content\/uploads\/2019\/11\/2-.jpg\" alt=\"\" class=\"wp-image-3563\" srcset=\"https:\/\/www.tourdebier.cz\/francek\/wp-content\/uploads\/2019\/11\/2-.jpg 407w, https:\/\/www.tourdebier.cz\/francek\/wp-content\/uploads\/2019\/11\/2--225x300.jpg 225w, https:\/\/www.tourdebier.cz\/francek\/wp-content\/uploads\/2019\/11\/2--250x333.jpg 250w\" sizes=\"auto, (max-width: 407px) 100vw, 407px\" \/><figcaption><strong>Budvarky po sto\u010den\u00ed<\/strong><\/figcaption><\/figure><\/div>\n\n\n\n<figure class=\"wp-block-image\"><img loading=\"lazy\" decoding=\"async\" width=\"600\" height=\"450\" src=\"https:\/\/www.tourdebier.cz\/francek\/wp-content\/uploads\/2019\/11\/20191010_092954-600x450.jpg\" alt=\"\" class=\"wp-image-3573\" srcset=\"https:\/\/www.tourdebier.cz\/francek\/wp-content\/uploads\/2019\/11\/20191010_092954.jpg 600w, https:\/\/www.tourdebier.cz\/francek\/wp-content\/uploads\/2019\/11\/20191010_092954-300x225.jpg 300w, https:\/\/www.tourdebier.cz\/francek\/wp-content\/uploads\/2019\/11\/20191010_092954-250x188.jpg 250w\" sizes=\"auto, (max-width: 600px) 100vw, 600px\" \/><figcaption>Budvarky kompaktn\u00ed zv\u011bt\u0161en\u00e9<\/figcaption><\/figure>\n\n\n\n<div class=\"wp-block-image\"><figure class=\"aligncenter\"><img loading=\"lazy\" decoding=\"async\" width=\"519\" height=\"542\" src=\"https:\/\/www.tourdebier.cz\/francek\/wp-content\/uploads\/2019\/11\/3-.jpg\" alt=\"\" class=\"wp-image-3564\" srcset=\"https:\/\/www.tourdebier.cz\/francek\/wp-content\/uploads\/2019\/11\/3-.jpg 519w, https:\/\/www.tourdebier.cz\/francek\/wp-content\/uploads\/2019\/11\/3--287x300.jpg 287w, https:\/\/www.tourdebier.cz\/francek\/wp-content\/uploads\/2019\/11\/3--250x261.jpg 250w\" sizes=\"auto, (max-width: 519px) 100vw, 519px\" \/><figcaption><strong>nerez v\u00fdpustn\u00fd kohou<\/strong>t<\/figcaption><\/figure><\/div>\n\n\n\n<div class=\"wp-block-image\"><figure class=\"aligncenter\"><img loading=\"lazy\" decoding=\"async\" width=\"353\" height=\"542\" src=\"https:\/\/www.tourdebier.cz\/francek\/wp-content\/uploads\/2019\/11\/20191016_095316.jpg\" alt=\"\" class=\"wp-image-3575\" srcset=\"https:\/\/www.tourdebier.cz\/francek\/wp-content\/uploads\/2019\/11\/20191016_095316.jpg 353w, https:\/\/www.tourdebier.cz\/francek\/wp-content\/uploads\/2019\/11\/20191016_095316-195x300.jpg 195w, https:\/\/www.tourdebier.cz\/francek\/wp-content\/uploads\/2019\/11\/20191016_095316-250x384.jpg 250w\" sizes=\"auto, (max-width: 353px) 100vw, 353px\" \/><figcaption><strong>v\u00edko s j\u00edmkou<\/strong><\/figcaption><\/figure><\/div>\n\n\n\n<div class=\"wp-block-image\"><figure class=\"aligncenter\"><img loading=\"lazy\" decoding=\"async\" width=\"446\" height=\"542\" src=\"https:\/\/www.tourdebier.cz\/francek\/wp-content\/uploads\/2019\/11\/20191016_095244.jpg\" alt=\"\" class=\"wp-image-3574\" srcset=\"https:\/\/www.tourdebier.cz\/francek\/wp-content\/uploads\/2019\/11\/20191016_095244.jpg 446w, https:\/\/www.tourdebier.cz\/francek\/wp-content\/uploads\/2019\/11\/20191016_095244-247x300.jpg 247w, https:\/\/www.tourdebier.cz\/francek\/wp-content\/uploads\/2019\/11\/20191016_095244-250x304.jpg 250w\" sizes=\"auto, (max-width: 446px) 100vw, 446px\" \/><figcaption><strong>opl\u00e1\u0161t\u011bn\u00ed reflexn\u00ed foli\u00ed<\/strong><\/figcaption><\/figure><\/div>\n\n\n\n<p>                         <\/p>\n\n\n\n<p> <\/p>\n\n\n\n<p>Jako prvn\u00ed jsem provedl pokus s asi 45l vody, po 5 hodin\u00e1ch do\u0161lo k zamrznut\u00ed hladiny. Tak\u017ee v\u00fdkon pro p\u0159\u00edpravu ledov\u00e9 vody pro dochlazen\u00ed le\u017e\u00e1k\u016f je dostate\u010dn\u00fd. Pot\u00e9 jsem zji\u0161\u0165oval hysterezi p\u0159i nastaven\u00ed le\u017e\u00e1ck\u00e9 teploty, \u010didlo jsem vlo\u017eil do provizorn\u00ed j\u00edmky. Regul\u00e1tor Danfoss  nem\u00e1 mo\u017enost nastaven\u00ed hystereze v desetin\u00e1ch stup\u0148\u016f, tak\u017ee se teplotu v p\u0159ijateln\u00fdch mez\u00edch udr\u017eet nepoda\u0159ilo. Regul\u00e1tor jsem nastavil na max. v\u00fdkon a \u010didlo zase nechal v prostoru a doplnil jsem sestavu o regul\u00e1tor s mo\u017enost\u00ed nastaven\u00ed desetiny stupn\u011b. V\u00fdsledek v\u00fdte\u010dn\u00fd. <\/p>\n\n\n\n<p>Nejv\u011bt\u0161\u00ed \u00faprava spo\u010d\u00edvala v dopln\u011bn\u00ed o spodn\u00ed vypou\u0161t\u011bn\u00ed s ventilem. Bylo nutno vyvrtat na \u0161patn\u011b p\u0159\u00edstupn\u00e9m m\u00edst\u011b otvor pro na\u0161roubov\u00e1n\u00ed niple na z\u00e1vit v\u00fdpusti i vlastn\u00ed v\u00fdpust. Tato nerezov\u00e1 sestava byla nejv\u011bt\u0161\u00ed extern\u00ed investic\u00ed do \u00fapravy cca 800CZK.<\/p>\n\n\n\n<p>Ostr\u00fd test prob\u011bhl samoz\u0159ejm\u011b na le\u017e\u00e1ku, p\u0159i okoln\u00ed teplot\u011b okolo 20\u00b0C.<\/p>\n\n\n\n<p>Po zchlazen\u00ed na teplotu vody z \u0159adu +1\u00b0C deskov\u00fdm v\u00fdm\u011bn\u00edkem, jsem do mladiny vlo\u017eil dochlazovac\u00ed smy\u010dku napojenou vanu s ledovou vodou poh\u00e1n\u011bnou  mal\u00fdm \u010derpadlem. Dochlazeno na 7\u00b0C  za 30 minut. P\u0159i pou\u017eit\u00ed dochlazovac\u00ed smy\u010dky s v\u011bt\u0161\u00ed p\u0159ed\u00e1vac\u00ed plochou by to \u0161lo je\u0161t\u011b rychleji  asi dopln\u00edm o jednu sekci.<\/p>\n\n\n\n<p>Po vypu\u0161t\u011bn\u00ed zb\u00fdvaj\u00edc\u00ed vody sanitaci byla vychlazen\u00e1 mladina p\u0159e\u010derp\u00e1na do p\u0159edchlazen\u00e9 vany. Le\u017e\u00e1k byl p\u011bkn\u011b dokva\u0161en na hodnotu 4\u00b0P a d\u00e1n k le\u017een\u00ed. Po citliv\u00e9m sto\u010den\u00ed, budvarsk\u00e9 kvasnice uk\u00e1zaly p\u011bknou &#8222;soudr\u017enost&#8220;.<\/p>\n\n\n\n<p>Velikost t\u00e9to vany je optim\u00e1ln\u00ed pro 45l v\u00e1rky. J\u00e1 jsem na spodn\u00ed hranici tj. 30L, nebot\u02c7 chlad\u00edc\u00ed smy\u010dka dosahuje pouze do 1\/2 v\u00fd\u0161ky vany.<\/p>\n\n\n\n<p><\/p>\n\n\n\n<p><\/p>\n<\/p><div class='wp_likes' id='wp_likes_post-3543'><a class='like' href=\"javascript:wp_likes.like(3543);\" title='' ><img decoding=\"async\" src=\"https:\/\/www.tourdebier.cz\/francek\/wp-content\/uploads\/thumb-up-francek.jpg\" alt='' border='0'\/><\/a><span class='text'>Bu\u010fte prvn\u00ed, komu se toto l\u00edb\u00ed.<\/span><div class='like' ><a href=\"javascript:wp_likes.like(3543);\"><\/a><\/div><div class='unlike' ><a href=\"javascript:wp_likes.unlike(3543);\">> U\u017e se mi nel\u00edb\u00ed..<\/a><\/div><\/div>","protected":false},"excerpt":{"rendered":"<p>Chlazenou vanu na n\u00e1poje do hospod a bar\u016f jsem se pokusil pou\u017e\u00edt na sp\u00edle\u010dnou le\u017e\u00e1kovou n\u00e1dobu. Z\u00e1kladn\u00ed charakteristiky t\u00e9to n\u00e1doby jsou tyto: nerezov\u00e9 proveden\u00ed izolovan\u00e9 vany expanzn\u00ed p\u011bnou o tlou\u0161\u0165ce 5 cm, o rozm\u011brech 56x35x28cm, co\u017e je cca 55l, chlad\u00edc\u00ed p\u0159\u00edkon 250W, \u0159\u00edzen\u00ed digit\u00e1ln\u00ed regulac\u00ed Danfoss s \u010didlem sn\u00edmaj\u00edc\u00edm prostorovou teplotu. Toto proveden\u00ed je ur\u010deno [&hellip;]<\/p>\n","protected":false},"author":1,"featured_media":3575,"comment_status":"open","ping_status":"closed","sticky":false,"template":"","format":"standard","meta":{"ngg_post_thumbnail":0,"footnotes":""},"categories":[4],"tags":[],"class_list":["post-3543","post","type-post","status-publish","format-standard","has-post-thumbnail","hentry","category-tech"],"_links":{"self":[{"href":"https:\/\/www.tourdebier.cz\/francek\/wp-json\/wp\/v2\/posts\/3543","targetHints":{"allow":["GET"]}}],"collection":[{"href":"https:\/\/www.tourdebier.cz\/francek\/wp-json\/wp\/v2\/posts"}],"about":[{"href":"https:\/\/www.tourdebier.cz\/francek\/wp-json\/wp\/v2\/types\/post"}],"author":[{"embeddable":true,"href":"https:\/\/www.tourdebier.cz\/francek\/wp-json\/wp\/v2\/users\/1"}],"replies":[{"embeddable":true,"href":"https:\/\/www.tourdebier.cz\/francek\/wp-json\/wp\/v2\/comments?post=3543"}],"version-history":[{"count":11,"href":"https:\/\/www.tourdebier.cz\/francek\/wp-json\/wp\/v2\/posts\/3543\/revisions"}],"predecessor-version":[{"id":3828,"href":"https:\/\/www.tourdebier.cz\/francek\/wp-json\/wp\/v2\/posts\/3543\/revisions\/3828"}],"wp:featuredmedia":[{"embeddable":true,"href":"https:\/\/www.tourdebier.cz\/francek\/wp-json\/wp\/v2\/media\/3575"}],"wp:attachment":[{"href":"https:\/\/www.tourdebier.cz\/francek\/wp-json\/wp\/v2\/media?parent=3543"}],"wp:term":[{"taxonomy":"category","embeddable":true,"href":"https:\/\/www.tourdebier.cz\/francek\/wp-json\/wp\/v2\/categories?post=3543"},{"taxonomy":"post_tag","embeddable":true,"href":"https:\/\/www.tourdebier.cz\/francek\/wp-json\/wp\/v2\/tags?post=3543"}],"curies":[{"name":"wp","href":"https:\/\/api.w.org\/{rel}","templated":true}]}}